




{"id":1127,"date":"2025-08-22T18:51:16","date_gmt":"2025-08-22T18:51:16","guid":{"rendered":"https:\/\/www.premiospym.net\/index.php\/2025\/08\/22\/barber-tour-2024\/"},"modified":"2025-08-22T18:51:16","modified_gmt":"2025-08-22T18:51:16","slug":"barber-tour-2024","status":"publish","type":"post","link":"https:\/\/www.premiospym.net\/index.php\/2025\/08\/22\/barber-tour-2024\/","title":{"rendered":"Barber Tour 2024"},"content":{"rendered":"<p style=\"margin-top: 0pt;margin-bottom: 0pt;margin-left: 0in;text-align: left;direction: ltr\"><span style=\"font-size: 20.0pt;font-family: 'Futura PT Cond Book Italic';color: #0b109f\">El Barber Tour es un evento que re\u00fane a los exponentes m\u00e1s reconocidos del rubro de la barber\u00eda y a los embajadores de la marca Rolda, con el fin de recorrer varios pa\u00edses realizando jornadas de capacitaci\u00f3n, batallas, conversatorios y m\u00e1s mostrando las \u00faltimas tendencias de barber\u00eda, compartiendo sus mejores consejos y recomendaciones y motivando a todos los profesionales del medio. <\/span><\/p>\n<p style=\"margin-top: 0pt;margin-bottom: 0pt;margin-left: 0in;text-align: left;direction: ltr\">\u00a0<\/p>\n<p style=\"margin-top: 0pt;margin-bottom: 0pt;margin-left: 0in;text-align: left;direction: ltr\"><span style=\"font-size: 20.0pt;font-family: 'Futura PT Cond Book Italic';color: #0b109f\">En esta oportunidad el encuentro se realiz\u00f3 en Venezuela, cuna de la marca l\u00edder en geles fijadores y con una trayectoria de 33 a\u00f1os en el mercado. <\/span><\/p>\n<p style=\"margin-top: 0pt;margin-bottom: 0pt;margin-left: 0in;text-align: left;direction: ltr\">\u00a0<\/p>\n<p style=\"margin-top: 0pt;margin-bottom: 0pt;margin-left: 0in;text-align: left;direction: ltr\"><span style=\"font-size: 20.0pt;font-family: 'Futura PT Cond Book Italic';color: #0b109f\">El objetivo de este evento es educar, motivar y proyectar a barberos de todos los estratos sociales, demostrando que Rolda es una marca comprometida y cercana. <\/span><\/p>\n<p style=\"margin-top: 0pt;margin-bottom: 0pt;margin-left: 0in;text-align: left;direction: ltr\"><span style=\"font-size: 20.0pt;font-family: 'Futura PT Cond Book Italic';color: #0b109f\">El Evento cont\u00f3 con la asistencia de m\u00e1s de 500 barberos de toda Venezuela. La jornada estuvo comprendida por un seminario de Barber\u00eda dictado por barberos nacionales e internacionales: <\/span><\/p>\n<p style=\"margin-top: 0pt;margin-bottom: 0pt;margin-left: 0in;text-align: left;direction: ltr\"><span style=\"font-size: 20.0pt;font-family: 'Futura PT Cond Book Italic';color: #0b109f\">o<span>\u00a0 <\/span>Jeff Barber &#8211; Venezuela<\/span><\/p>\n<p style=\"margin-top: 0pt;margin-bottom: 0pt;margin-left: 0in;text-align: left;direction: ltr\"><span style=\"font-size: 20.0pt;font-family: 'Futura PT Cond Book Italic';color: #0b109f\">o<span>\u00a0 <\/span><\/span><span style=\"font-size: 20.0pt;font-family: 'Futura PT Cond Book Italic';color: #0b109f\">Miky<\/span><span style=\"font-size: 20.0pt;font-family: 'Futura PT Cond Book Italic';color: #0b109f\"> Barber &#8211; Venezuela<\/span><\/p>\n<p style=\"margin-top: 0pt;margin-bottom: 0pt;margin-left: 0in;text-align: left;direction: ltr\"><span style=\"font-size: 20.0pt;font-family: 'Futura PT Cond Book Italic';color: #0b109f\">o<span>\u00a0 <\/span>Leo Duran &#8211; Venezolano residenciado en USA<\/span><\/p>\n<p style=\"margin-top: 0pt;margin-bottom: 0pt;margin-left: 0in;text-align: left;direction: ltr\"><span style=\"font-size: 20.0pt;font-family: 'Futura PT Cond Book Italic';color: #0b109f\">o<span>\u00a0 <\/span>Morro Poveda &#8211; Colombia<\/span><\/p>\n<p style=\"margin-top: 0pt;margin-bottom: 0pt;margin-left: 0in;text-align: left;direction: ltr\"><span style=\"font-size: 20.0pt;font-family: 'Futura PT Cond Book Italic';color: #0b109f\">o<span>\u00a0 <\/span>Santiago \u2013 Colombia<\/span><\/p>\n<p style=\"margin-top: 0pt;margin-bottom: 0pt;margin-left: 0in;text-align: left;direction: ltr\"><span style=\"font-size: 20.0pt;font-family: 'Futura PT Cond Book Italic';color: #0b109f\">o<span>\u00a0 <\/span>Julio Quiroz \u2013 Argentina <\/span><\/p>\n<p style=\"margin-top: 0pt;margin-bottom: 0pt;margin-left: 0in;text-align: left;direction: ltr\"><span style=\"font-size: 20.0pt;font-family: 'Futura PT Cond Book Italic';color: #0b109f\">o<span>\u00a0 <\/span>Antonio de la Fuente &#8211; Per\u00fa<\/span><\/p>\n<p style=\"margin-top: 0pt;margin-bottom: 0pt;margin-left: 0in;text-align: left;direction: ltr\">\u00a0<\/p>\n<p style=\"margin-top: 0pt;margin-bottom: 0pt;margin-left: 0in;text-align: left;direction: ltr\"><span style=\"font-size: 20.0pt;font-family: 'Futura PT Cond Book Italic';color: #0b109f\">Quienes compartieron sus conocimientos en cortes funcionales, tendencias, peinados y estilismo alternativo, realizando una pasarela con 15 modelos que mostraron los looks m\u00e1s innovadores logrados en la tarima\u2026<\/span><\/p>\n<p style=\"margin-top: 0pt;margin-bottom: 0pt;margin-left: 0in;text-align: left;direction: ltr\">\u00a0<\/p>\n<p style=\"margin-top: 0pt;margin-bottom: 0pt;margin-left: 0in;text-align: left;direction: ltr\"><span style=\"font-size: 20.0pt;font-family: 'Futura PT Cond Book Italic';color: #0b109f\">La segunda etapa del evento se convirti\u00f3 en una \u201cBatalla de Barberos\u201d donde 10 competidores de todo el pa\u00eds se enfrentaron para mostrar su talento en las siguientes categor\u00edas: <\/span><\/p>\n<div style=\"margin-top: 0pt;margin-bottom: 0pt;margin-left: .38in;text-indent: -.38in;text-align: left;direction: ltr\"><span style=\"font-size: 20.0pt\"><span style=\"font-family: Arial\">\u2022<\/span><\/span><span style=\"font-size: 20.0pt;font-family: 'Futura PT Cond Book Italic';color: #0b109f\">Fast<\/span> <span style=\"font-size: 20.0pt;font-family: 'Futura PT Cond Book Italic';color: #0b109f\">Fade<\/span><\/div>\n<div style=\"margin-top: 0pt;margin-bottom: 0pt;margin-left: .38in;text-indent: -.38in;text-align: left;direction: ltr\"><span style=\"font-size: 20.0pt\"><span style=\"font-family: Arial\">\u2022<\/span><\/span><span style=\"font-size: 20.0pt;font-family: 'Futura PT Cond Book Italic';color: #0b109f\">FreeStyle<\/span><\/div>\n<div style=\"margin-top: 0pt;margin-bottom: 0pt;margin-left: .38in;text-indent: -.38in;text-align: left;direction: ltr\"><span style=\"font-size: 20.0pt\"><span style=\"font-family: Arial\">\u2022<\/span><\/span><span style=\"font-size: 20.0pt;font-family: 'Futura PT Cond Book Italic';color: #0b109f\">Replica Corte <\/span><span style=\"font-size: 20.0pt;font-family: 'Futura PT Cond Book Italic';color: #0b109f\">Mullet<\/span><\/div>\n<p style=\"margin-top: 0pt;margin-bottom: 0pt;margin-left: 0in;direction: ltr\"><span style=\"font-size: 20.0pt;font-family: 'Futura PT Cond Book Italic';color: #0b109f\">Luego disfrutaron de las palabras motivadoras e historia de vida del reconocido barbero Leo Duran <\/span><span style=\"font-size: 20.0pt;font-family: 'Futura PT Cond Book Italic';color: #0b109f\">God<\/span> <span style=\"font-size: 20.0pt;font-family: 'Futura PT Cond Book Italic';color: #0b109f\">is<\/span><span style=\"font-size: 20.0pt;font-family: 'Futura PT Cond Book Italic';color: #0b109f\"> Good quien es referencia por todo su talento, trayectoria y alcance a nivel mundial\u2026<\/span><\/p>\n<p style=\"margin-top: 0pt;margin-bottom: 0pt;margin-left: 0in;direction: ltr\">\u00a0<\/p>\n<p style=\"margin-top: 0pt;margin-bottom: 0pt;margin-left: 0in;direction: ltr\"><span style=\"font-size: 20.0pt;font-family: 'Futura PT Cond Book Italic';color: #0b109f\">Lo acompa\u00f1aron personalidades como Manuel Conecta y <\/span><span style=\"font-size: 20.0pt;font-family: 'Futura PT Cond Book Italic';color: #0b109f\">Jose<\/span> <span style=\"font-size: 20.0pt;font-family: 'Futura PT Cond Book Italic';color: #0b109f\">Seija<\/span><span style=\"font-size: 20.0pt;font-family: 'Futura PT Cond Book Italic';color: #0b109f\"> para motivar e inspirar a todos los baberos<\/span><\/p>\n<p style=\"margin-top: 0pt;margin-bottom: 0pt;margin-left: 0in;direction: ltr\">\u00a0<\/p>\n<p style=\"margin-top: 0pt;margin-bottom: 0pt;margin-left: 0in;direction: ltr\"><span style=\"font-size: 20.0pt;font-family: 'Futura PT Cond Book Italic';color: #0b109f\">Para cerrar el evento, todos pudieron disfrutar de la m\u00fasica y animaci\u00f3n del grupo Desorden P\u00fablico, quien cerro con broche de oro la celebraci\u00f3n\u2026.\u00a0<\/span><\/p>\n<p>\u00a0<\/p>\n<ul class=\"wpuf_customs\">            <li class=\"wpuf-field-data wpuf-field-data-text_field\">\n                                    <label>Fecha de Activaci\u00f3n:<\/label>\n                                28 abril 2024            <\/li>\n                    <li class=\"wpuf-field-data wpuf-field-data-text_field\">\n                                    <label>Nro de Contacto:<\/label>\n                                04142200511 \/ 04142209340            <\/li>\n                    <li class=\"wpuf-field-data wpuf-field-data-website_url\">\n                                    <label>URL de  video de la campa\u00f1a:<\/label>\n                                <a href=\"https:\/\/drive.google.com\/file\/d\/1j9aZe7L1EIxIk05WfMiJi5-wXOAbrtl_\/view?usp=sharing\"\n                     > https:\/\/drive.google.com\/file\/d\/1j9aZe7L1EIxIk05WfMiJi5-wXOAbrtl_\/view?usp=sharing <\/a>\n            <\/li>\n                    <li class=\"wpuf-field-data wpuf-field-data-website_url\">\n                                    <label>Enlace de tu archivo PDF:<\/label>\n                                <a href=\"https:\/\/drive.google.com\/file\/d\/1jGA9P9pa2YJuScpVbAXgQX82dpgORv2i\/view?usp=drive_link\"\n                    target=\"_blank\" rel=\"noreferrer noopener\" > https:\/\/drive.google.com\/file\/d\/1jGA9P9pa2YJuScpVbAXgQX82dpgORv2i\/view?usp=drive_link <\/a>\n            <\/li>\n        <\/ul>","protected":false},"excerpt":{"rendered":"<p>El Barber Tour es un evento que re\u00fane a los exponentes m\u00e1s reconocidos del rubro de la barber\u00eda y a [&hellip;]<\/p>\n","protected":false},"author":98,"featured_media":1126,"comment_status":"open","ping_status":"open","sticky":false,"template":"","format":"standard","meta":{"site-sidebar-layout":"default","site-content-layout":"","ast-site-content-layout":"default","site-content-style":"default","site-sidebar-style":"default","ast-global-header-display":"","ast-banner-title-visibility":"","ast-main-header-display":"","ast-hfb-above-header-display":"","ast-hfb-below-header-display":"","ast-hfb-mobile-header-display":"","site-post-title":"","ast-breadcrumbs-content":"","ast-featured-img":"","footer-sml-layout":"","theme-transparent-header-meta":"","adv-header-id-meta":"","stick-header-meta":"","header-above-stick-meta":"","header-main-stick-meta":"","header-below-stick-meta":"","astra-migrate-meta-layouts":"default","ast-page-background-enabled":"default","ast-page-background-meta":{"desktop":{"background-color":"var(--ast-global-color-5)","background-image":"","background-repeat":"repeat","background-position":"center center","background-size":"auto","background-attachment":"scroll","background-type":"","background-media":"","overlay-type":"","overlay-color":"","overlay-opacity":"","overlay-gradient":""},"tablet":{"background-color":"","background-image":"","background-repeat":"repeat","background-position":"center center","background-size":"auto","background-attachment":"scroll","background-type":"","background-media":"","overlay-type":"","overlay-color":"","overlay-opacity":"","overlay-gradient":""},"mobile":{"background-color":"","background-image":"","background-repeat":"repeat","background-position":"center center","background-size":"auto","background-attachment":"scroll","background-type":"","background-media":"","overlay-type":"","overlay-color":"","overlay-opacity":"","overlay-gradient":""}},"ast-content-background-meta":{"desktop":{"background-color":"var(--ast-global-color-4)","background-image":"","background-repeat":"repeat","background-position":"center center","background-size":"auto","background-attachment":"scroll","background-type":"","background-media":"","overlay-type":"","overlay-color":"","overlay-opacity":"","overlay-gradient":""},"tablet":{"background-color":"var(--ast-global-color-4)","background-image":"","background-repeat":"repeat","background-position":"center center","background-size":"auto","background-attachment":"scroll","background-type":"","background-media":"","overlay-type":"","overlay-color":"","overlay-opacity":"","overlay-gradient":""},"mobile":{"background-color":"var(--ast-global-color-4)","background-image":"","background-repeat":"repeat","background-position":"center center","background-size":"auto","background-attachment":"scroll","background-type":"","background-media":"","overlay-type":"","overlay-color":"","overlay-opacity":"","overlay-gradient":""}},"footnotes":""},"categories":[14],"tags":[],"class_list":["post-1127","post","type-post","status-publish","format-standard","has-post-thumbnail","hentry","category-cuidado-personal-y-belleza"],"_links":{"self":[{"href":"https:\/\/www.premiospym.net\/index.php\/wp-json\/wp\/v2\/posts\/1127","targetHints":{"allow":["GET"]}}],"collection":[{"href":"https:\/\/www.premiospym.net\/index.php\/wp-json\/wp\/v2\/posts"}],"about":[{"href":"https:\/\/www.premiospym.net\/index.php\/wp-json\/wp\/v2\/types\/post"}],"author":[{"embeddable":true,"href":"https:\/\/www.premiospym.net\/index.php\/wp-json\/wp\/v2\/users\/98"}],"replies":[{"embeddable":true,"href":"https:\/\/www.premiospym.net\/index.php\/wp-json\/wp\/v2\/comments?post=1127"}],"version-history":[{"count":1,"href":"https:\/\/www.premiospym.net\/index.php\/wp-json\/wp\/v2\/posts\/1127\/revisions"}],"predecessor-version":[{"id":1128,"href":"https:\/\/www.premiospym.net\/index.php\/wp-json\/wp\/v2\/posts\/1127\/revisions\/1128"}],"wp:featuredmedia":[{"embeddable":true,"href":"https:\/\/www.premiospym.net\/index.php\/wp-json\/wp\/v2\/media\/1126"}],"wp:attachment":[{"href":"https:\/\/www.premiospym.net\/index.php\/wp-json\/wp\/v2\/media?parent=1127"}],"wp:term":[{"taxonomy":"category","embeddable":true,"href":"https:\/\/www.premiospym.net\/index.php\/wp-json\/wp\/v2\/categories?post=1127"},{"taxonomy":"post_tag","embeddable":true,"href":"https:\/\/www.premiospym.net\/index.php\/wp-json\/wp\/v2\/tags?post=1127"}],"curies":[{"name":"wp","href":"https:\/\/api.w.org\/{rel}","templated":true}]}}