




{"id":1993,"date":"2025-09-05T21:18:04","date_gmt":"2025-09-05T21:18:04","guid":{"rendered":"https:\/\/www.premiospym.net\/index.php\/2025\/09\/05\/agenda-sedal\/"},"modified":"2025-09-05T21:18:04","modified_gmt":"2025-09-05T21:18:04","slug":"agenda-sedal","status":"publish","type":"post","link":"https:\/\/www.premiospym.net\/index.php\/2025\/09\/05\/agenda-sedal\/","title":{"rendered":"Agenda Sedal"},"content":{"rendered":"<p>La campa\u00f1a de Agendas Sedal se lanz\u00f3 como una iniciativa integral, combinando medios digitales, medios masivos (radio) y acciones en el punto de venta (PDV).<\/p>\n<p>Inicialmente la promoci\u00f3n se llev\u00f3 a cabo exclusivamente en Caracas. El objetivo era incentivar la compra de productos, premiando la lealtad de nuestras consumidoras. Por la compra de dos productos Sedal de 300 ml, las clientas pod\u00edan canjear su agenda exclusiva al presentar su factura en los stand de marca en centros comerciales clave como Sambil La Candelaria y CC Parque Cerro Verde.<\/p>\n<p>El \u00e9xito fue tan rotundo que la demanda super\u00f3 las expectativas. Gracias a la excelente acogida en la capital, se decidi\u00f3 expandir la promoci\u00f3n a nivel nacional, llevando la campa\u00f1a a m\u00e1s ciudades y permitiendo que un p\u00fablico mucho m\u00e1s amplio pudiera disfrutar de las agendas Sedal. Esta expansi\u00f3n no solo maximiz\u00f3 el alcance de la marca, sino que tambi\u00e9n reforz\u00f3 el v\u00ednculo con nuestras consumidoras en todo el pa\u00eds.<\/p>\n<ul class=\"wpuf_customs\">            <li class=\"wpuf-field-data wpuf-field-data-text_field\">\n                                    <label>Fecha de Activaci\u00f3n:<\/label>\n                                De febrero 2025 a marzo 2025            <\/li>\n                    <li class=\"wpuf-field-data wpuf-field-data-text_field\">\n                                    <label>Nro de Contacto:<\/label>\n                                0424-2824466            <\/li>\n                    <li class=\"wpuf-field-data wpuf-field-data-website_url\">\n                                    <label>Enlace de tu archivo PDF:<\/label>\n                                <a href=\"https:\/\/drive.google.com\/file\/d\/14T6tMBAn5npdwLGeKaj4ZqDJMHFYd43v\/view?usp=drive_link\"\n                    target=\"_blank\" rel=\"noreferrer noopener\" > https:\/\/drive.google.com\/file\/d\/14T6tMBAn5npdwLGeKaj4ZqDJMHFYd43v\/view?usp=drive_link <\/a>\n            <\/li>\n        <\/ul>","protected":false},"excerpt":{"rendered":"<p>La campa\u00f1a de Agendas Sedal se lanz\u00f3 como una iniciativa integral, combinando medios digitales, medios masivos (radio) y acciones en [&hellip;]<\/p>\n","protected":false},"author":315,"featured_media":1992,"comment_status":"open","ping_status":"open","sticky":false,"template":"","format":"standard","meta":{"site-sidebar-layout":"default","site-content-layout":"","ast-site-content-layout":"default","site-content-style":"default","site-sidebar-style":"default","ast-global-header-display":"","ast-banner-title-visibility":"","ast-main-header-display":"","ast-hfb-above-header-display":"","ast-hfb-below-header-display":"","ast-hfb-mobile-header-display":"","site-post-title":"","ast-breadcrumbs-content":"","ast-featured-img":"","footer-sml-layout":"","theme-transparent-header-meta":"","adv-header-id-meta":"","stick-header-meta":"","header-above-stick-meta":"","header-main-stick-meta":"","header-below-stick-meta":"","astra-migrate-meta-layouts":"default","ast-page-background-enabled":"default","ast-page-background-meta":{"desktop":{"background-color":"var(--ast-global-color-5)","background-image":"","background-repeat":"repeat","background-position":"center center","background-size":"auto","background-attachment":"scroll","background-type":"","background-media":"","overlay-type":"","overlay-color":"","overlay-opacity":"","overlay-gradient":""},"tablet":{"background-color":"","background-image":"","background-repeat":"repeat","background-position":"center center","background-size":"auto","background-attachment":"scroll","background-type":"","background-media":"","overlay-type":"","overlay-color":"","overlay-opacity":"","overlay-gradient":""},"mobile":{"background-color":"","background-image":"","background-repeat":"repeat","background-position":"center center","background-size":"auto","background-attachment":"scroll","background-type":"","background-media":"","overlay-type":"","overlay-color":"","overlay-opacity":"","overlay-gradient":""}},"ast-content-background-meta":{"desktop":{"background-color":"var(--ast-global-color-4)","background-image":"","background-repeat":"repeat","background-position":"center center","background-size":"auto","background-attachment":"scroll","background-type":"","background-media":"","overlay-type":"","overlay-color":"","overlay-opacity":"","overlay-gradient":""},"tablet":{"background-color":"var(--ast-global-color-4)","background-image":"","background-repeat":"repeat","background-position":"center center","background-size":"auto","background-attachment":"scroll","background-type":"","background-media":"","overlay-type":"","overlay-color":"","overlay-opacity":"","overlay-gradient":""},"mobile":{"background-color":"var(--ast-global-color-4)","background-image":"","background-repeat":"repeat","background-position":"center center","background-size":"auto","background-attachment":"scroll","background-type":"","background-media":"","overlay-type":"","overlay-color":"","overlay-opacity":"","overlay-gradient":""}},"footnotes":""},"categories":[14],"tags":[],"class_list":["post-1993","post","type-post","status-publish","format-standard","has-post-thumbnail","hentry","category-cuidado-personal-y-belleza"],"_links":{"self":[{"href":"https:\/\/www.premiospym.net\/index.php\/wp-json\/wp\/v2\/posts\/1993","targetHints":{"allow":["GET"]}}],"collection":[{"href":"https:\/\/www.premiospym.net\/index.php\/wp-json\/wp\/v2\/posts"}],"about":[{"href":"https:\/\/www.premiospym.net\/index.php\/wp-json\/wp\/v2\/types\/post"}],"author":[{"embeddable":true,"href":"https:\/\/www.premiospym.net\/index.php\/wp-json\/wp\/v2\/users\/315"}],"replies":[{"embeddable":true,"href":"https:\/\/www.premiospym.net\/index.php\/wp-json\/wp\/v2\/comments?post=1993"}],"version-history":[{"count":1,"href":"https:\/\/www.premiospym.net\/index.php\/wp-json\/wp\/v2\/posts\/1993\/revisions"}],"predecessor-version":[{"id":1994,"href":"https:\/\/www.premiospym.net\/index.php\/wp-json\/wp\/v2\/posts\/1993\/revisions\/1994"}],"wp:featuredmedia":[{"embeddable":true,"href":"https:\/\/www.premiospym.net\/index.php\/wp-json\/wp\/v2\/media\/1992"}],"wp:attachment":[{"href":"https:\/\/www.premiospym.net\/index.php\/wp-json\/wp\/v2\/media?parent=1993"}],"wp:term":[{"taxonomy":"category","embeddable":true,"href":"https:\/\/www.premiospym.net\/index.php\/wp-json\/wp\/v2\/categories?post=1993"},{"taxonomy":"post_tag","embeddable":true,"href":"https:\/\/www.premiospym.net\/index.php\/wp-json\/wp\/v2\/tags?post=1993"}],"curies":[{"name":"wp","href":"https:\/\/api.w.org\/{rel}","templated":true}]}}